{"id":2389,"date":"2022-11-18T06:36:19","date_gmt":"2022-11-18T05:36:19","guid":{"rendered":"https:\/\/lewebpedagogique.com\/doubslivreelu\/?p=2389"},"modified":"2022-11-18T06:36:19","modified_gmt":"2022-11-18T05:36:19","slug":"mon-carnet-de-lecture-livre-elu","status":"publish","type":"post","link":"https:\/\/doubslivreelu.fr\/index.php\/2022\/11\/18\/mon-carnet-de-lecture-livre-elu\/","title":{"rendered":"Mon carnet de lecture Livre \u00e9lu"},"content":{"rendered":"\n<p class=\"has-text-align-center\">Pour vous accompagner dans votre projet et aider vos \u00e9l\u00e8ves de cycle 3 et 4 \u00e0 garder une premi\u00e8re trace de leurs lectures, nous sommes heureux de mettre \u00e0 votre disposition le petit carnet : Mes lectures Livre \u00e9lu. Un petit livret \u00e0 imprimer recto-verso au format A4, en couleurs ou en noir et blanc. Un outil cl\u00e9 en main qu&rsquo;on esp\u00e8re aussi utile que plaisant.<\/p>\n\n\n\n<figure class=\"wp-block-gallery has-nested-images columns-default is-cropped wp-block-gallery-1 is-layout-flex wp-block-gallery-is-layout-flex\">\n<figure class=\"wp-block-image size-large\"><img decoding=\"async\" data-id=\"2390\" src=\"http:\/\/lewebpedagogique.com\/doubslivreelu\/files\/2022\/11\/Carnet-lectures-Livre-Elu--scaled.jpg\" alt=\"\" class=\"wp-image-2390\" \/><\/figure>\n\n\n\n<figure class=\"wp-block-image size-large\"><img decoding=\"async\" data-id=\"2391\" src=\"http:\/\/lewebpedagogique.com\/doubslivreelu\/files\/2022\/11\/Carnet-lectures-livre-elu-verso-scaled.jpg\" alt=\"\" class=\"wp-image-2391\" \/><\/figure>\n<\/figure>\n\n\n\n<div class=\"wp-block-buttons is-layout-flex wp-block-buttons-is-layout-flex\">\n<div class=\"wp-block-button aligncenter\"><a class=\"wp-block-button__link\" href=\"http:\/\/lewebpedagogique.com\/doubslivreelu\/files\/2022\/12\/Carnet-Mes-lectures-Livre-elu-.pdf\" target=\"_blank\" rel=\"noreferrer noopener\">T\u00e9l\u00e9charger le carnet <\/a><\/div>\n<\/div>\n\n\n\n<p><\/p>\n","protected":false},"excerpt":{"rendered":"<p>Pour vous accompagner dans votre projet et aider vos \u00e9l\u00e8ves \u00e0 garder une premi\u00e8re trace de leurs lectures, nous sommes heureux de mettre \u00e0 votre disposition le petit carnet : Mes lectures Livre \u00e9lu<\/p>\n","protected":false},"author":1,"featured_media":0,"comment_status":"closed","ping_status":"closed","sticky":true,"template":"","format":"standard","meta":{"footnotes":""},"categories":[1],"tags":[],"post_folder":[],"class_list":["post-2389","post","type-post","status-publish","format-standard","hentry","category-non-classe"],"_links":{"self":[{"href":"https:\/\/doubslivreelu.fr\/index.php\/wp-json\/wp\/v2\/posts\/2389","targetHints":{"allow":["GET"]}}],"collection":[{"href":"https:\/\/doubslivreelu.fr\/index.php\/wp-json\/wp\/v2\/posts"}],"about":[{"href":"https:\/\/doubslivreelu.fr\/index.php\/wp-json\/wp\/v2\/types\/post"}],"author":[{"embeddable":true,"href":"https:\/\/doubslivreelu.fr\/index.php\/wp-json\/wp\/v2\/users\/1"}],"replies":[{"embeddable":true,"href":"https:\/\/doubslivreelu.fr\/index.php\/wp-json\/wp\/v2\/comments?post=2389"}],"version-history":[{"count":0,"href":"https:\/\/doubslivreelu.fr\/index.php\/wp-json\/wp\/v2\/posts\/2389\/revisions"}],"wp:attachment":[{"href":"https:\/\/doubslivreelu.fr\/index.php\/wp-json\/wp\/v2\/media?parent=2389"}],"wp:term":[{"taxonomy":"category","embeddable":true,"href":"https:\/\/doubslivreelu.fr\/index.php\/wp-json\/wp\/v2\/categories?post=2389"},{"taxonomy":"post_tag","embeddable":true,"href":"https:\/\/doubslivreelu.fr\/index.php\/wp-json\/wp\/v2\/tags?post=2389"},{"taxonomy":"post_folder","embeddable":true,"href":"https:\/\/doubslivreelu.fr\/index.php\/wp-json\/wp\/v2\/post_folder?post=2389"}],"curies":[{"name":"wp","href":"https:\/\/api.w.org\/{rel}","templated":true}]}}