{"id":2046,"date":"2021-09-09T13:41:41","date_gmt":"2021-09-09T12:41:41","guid":{"rendered":"http:\/\/lewebpedagogique.com\/doubslivreelu\/?p=2046"},"modified":"2021-09-09T13:41:41","modified_gmt":"2021-09-09T12:41:41","slug":"livres-dans-la-boucle-2021-40-auteurs-de-litterature-de-jeunesse-present-lors-du-festival","status":"publish","type":"post","link":"https:\/\/doubslivreelu.fr\/index.php\/2021\/09\/09\/livres-dans-la-boucle-2021-40-auteurs-de-litterature-de-jeunesse-present-lors-du-festival\/","title":{"rendered":"Livres dans la boucle 2021- 40 auteurs de litt\u00e9rature de jeunesse pr\u00e9sents lors du festival"},"content":{"rendered":"<p>Les 17, 18 et 19 septembre prochains se tiendra \u00e0 Besan\u00e7on le festival <em><strong>\u00ab\u00a0Livre dans la boucle\u00a0\u00bb.\u00a0<\/strong><\/em><\/p>\n<p>Occasion de rencontrer des auteurs de litt\u00e9rature de jeunesse que le Livre Elu a choisi de retenir sur sa s\u00e9lection 2022, notamment <strong>Barroux<\/strong>, <strong>Jean Tevelis,\u00a0<\/strong>auteur bisontin, ou encore <strong>Manon Fargetton<\/strong>.<\/p>\n<p>Toutes les informations sur le festival ici \u00a0&#8211;\u00a0<a href=\"https:\/\/www.livresdanslaboucle.fr\">https:\/\/www.livresdanslaboucle.fr<\/a><\/p>\n<p><a href=\"http:\/\/lewebpedagogique.com\/doubslivreelu\/files\/2021\/09\/Capture-d\u2019\u00e9cran-2021-09-09-\u00e0-14.32.07.png\"><img loading=\"lazy\" decoding=\"async\" class=\"alignnone size-medium wp-image-2045\" src=\"http:\/\/lewebpedagogique.com\/doubslivreelu\/files\/2021\/09\/Capture-d\u2019\u00e9cran-2021-09-09-\u00e0-14.32.07-300x241.png\" alt=\"\" width=\"300\" height=\"241\" \/><\/a><\/p>\n","protected":false},"excerpt":{"rendered":"<p>Les 17, 18 et 19 septembre prochains se tiendra \u00e0 Besan\u00e7on le festival \u00ab\u00a0Livre dans la boucle\u00a0\u00bb.\u00a0 Occasion de rencontrer des auteurs de litt\u00e9rature de jeunesse que le Livre Elu a choisi de retenir sur sa s\u00e9lection 2022, notamment Barroux, Jean Tevelis,\u00a0auteur bisontin, ou encore Manon Fargetton. Toutes les informations sur le festival ici \u00a0&#8211;\u00a0https:\/\/www.livresdanslaboucle.fr<\/p>\n","protected":false},"author":1,"featured_media":0,"comment_status":"closed","ping_status":"closed","sticky":false,"template":"","format":"standard","meta":{"footnotes":""},"categories":[1],"tags":[27],"post_folder":[],"class_list":["post-2046","post","type-post","status-publish","format-standard","hentry","category-non-classe","tag-agenda"],"_links":{"self":[{"href":"https:\/\/doubslivreelu.fr\/index.php\/wp-json\/wp\/v2\/posts\/2046","targetHints":{"allow":["GET"]}}],"collection":[{"href":"https:\/\/doubslivreelu.fr\/index.php\/wp-json\/wp\/v2\/posts"}],"about":[{"href":"https:\/\/doubslivreelu.fr\/index.php\/wp-json\/wp\/v2\/types\/post"}],"author":[{"embeddable":true,"href":"https:\/\/doubslivreelu.fr\/index.php\/wp-json\/wp\/v2\/users\/1"}],"replies":[{"embeddable":true,"href":"https:\/\/doubslivreelu.fr\/index.php\/wp-json\/wp\/v2\/comments?post=2046"}],"version-history":[{"count":0,"href":"https:\/\/doubslivreelu.fr\/index.php\/wp-json\/wp\/v2\/posts\/2046\/revisions"}],"wp:attachment":[{"href":"https:\/\/doubslivreelu.fr\/index.php\/wp-json\/wp\/v2\/media?parent=2046"}],"wp:term":[{"taxonomy":"category","embeddable":true,"href":"https:\/\/doubslivreelu.fr\/index.php\/wp-json\/wp\/v2\/categories?post=2046"},{"taxonomy":"post_tag","embeddable":true,"href":"https:\/\/doubslivreelu.fr\/index.php\/wp-json\/wp\/v2\/tags?post=2046"},{"taxonomy":"post_folder","embeddable":true,"href":"https:\/\/doubslivreelu.fr\/index.php\/wp-json\/wp\/v2\/post_folder?post=2046"}],"curies":[{"name":"wp","href":"https:\/\/api.w.org\/{rel}","templated":true}]}}