{"id":1836,"date":"2021-05-31T10:48:53","date_gmt":"2021-05-31T09:48:53","guid":{"rendered":"http:\/\/lewebpedagogique.com\/doubslivreelu\/?p=1836"},"modified":"2021-05-31T10:48:53","modified_gmt":"2021-05-31T09:48:53","slug":"exposition-a-dole-du-1er-au-15-juin-2021","status":"publish","type":"post","link":"https:\/\/doubslivreelu.fr\/index.php\/2021\/05\/31\/exposition-a-dole-du-1er-au-15-juin-2021\/","title":{"rendered":"Exposition \u00e0 Dole, du 1er au 15 juin 2021"},"content":{"rendered":"<p>Les \u00e9coles, coll\u00e8ges \u00a0et lyc\u00e9e du Jura exposent, en ce moment, \u00a0leurs productions r\u00e9alis\u00e9es \u00e0 partir des ouvrages de la<strong> s\u00e9lection 2021 du Livre Elu.<\/strong><\/p>\n<p>F\u00e9licitations aux \u00e9l\u00e8ves :<\/p>\n<ul>\n<li>du lyc\u00e9e professionnel Jacques Pr\u00e9vert de Dole<\/li>\n<li>des coll\u00e8ges Claude Nicolas Ledoux et Maryse Basti\u00e9<\/li>\n<li>des \u00e9coles primaires \u00a0d\u2019Evans, Mont-Sous-Vaudrey, Montbarrey, Souvans, \u00a0Chatenois et de l\u2019\u00e9cole maternelle des Sorbiers de Dole.<\/li>\n<\/ul>\n<p>pour leur participation au projet, leurs lectures, leurs critiques avis\u00e9es et leurs tr\u00e8s belles productions, vari\u00e9es, inventives et color\u00e9es.<\/p>\n<p>Vous pourrez admirer leurs cr\u00e9ations en vous rendant \u00e0 la <strong>M\u00e9diath\u00e8que de L\u2019H\u00f4tel-Dieu<\/strong>, \u00e0 Dole.<\/p>\n<blockquote><p><strong>Un aper\u00e7u ici !<\/strong><\/p><\/blockquote>\n<p><a href=\"http:\/\/lewebpedagogique.com\/doubslivreelu\/files\/2021\/05\/IMG_4142.jpg\"><img loading=\"lazy\" decoding=\"async\" class=\"alignnone wp-image-1814\" src=\"http:\/\/lewebpedagogique.com\/doubslivreelu\/files\/2021\/05\/IMG_4142-300x225.jpg\" alt=\"\" width=\"248\" height=\"186\" \/><\/a><a href=\"http:\/\/lewebpedagogique.com\/doubslivreelu\/files\/2021\/05\/IMG_4152.jpg\"><img loading=\"lazy\" decoding=\"async\" class=\"alignnone wp-image-1823\" src=\"http:\/\/lewebpedagogique.com\/doubslivreelu\/files\/2021\/05\/IMG_4152-300x225.jpg\" alt=\"\" width=\"245\" height=\"184\" \/><\/a><a href=\"http:\/\/lewebpedagogique.com\/doubslivreelu\/files\/2021\/05\/IMG_4166.jpg\"><img loading=\"lazy\" decoding=\"async\" class=\"alignnone wp-image-1833\" src=\"http:\/\/lewebpedagogique.com\/doubslivreelu\/files\/2021\/05\/IMG_4166-300x225.jpg\" alt=\"\" width=\"243\" height=\"182\" \/><\/a><a href=\"http:\/\/lewebpedagogique.com\/doubslivreelu\/files\/2021\/05\/IMG_4159.jpg\"><img loading=\"lazy\" decoding=\"async\" class=\"alignnone size-medium wp-image-1828\" src=\"http:\/\/lewebpedagogique.com\/doubslivreelu\/files\/2021\/05\/IMG_4159-225x300.jpg\" alt=\"\" width=\"225\" height=\"300\" \/><\/a> <a href=\"http:\/\/lewebpedagogique.com\/doubslivreelu\/files\/2021\/05\/IMG_4169.jpg\"><img loading=\"lazy\" decoding=\"async\" class=\"alignnone size-medium wp-image-1835\" src=\"http:\/\/lewebpedagogique.com\/doubslivreelu\/files\/2021\/05\/IMG_4169-225x300.jpg\" alt=\"\" width=\"225\" height=\"300\" \/><\/a><a href=\"http:\/\/lewebpedagogique.com\/doubslivreelu\/files\/2021\/05\/IMG_4167.jpg\"><img loading=\"lazy\" decoding=\"async\" class=\"alignnone size-medium wp-image-1834\" src=\"http:\/\/lewebpedagogique.com\/doubslivreelu\/files\/2021\/05\/IMG_4167-225x300.jpg\" alt=\"\" width=\"225\" height=\"300\" \/><\/a><a href=\"http:\/\/lewebpedagogique.com\/doubslivreelu\/files\/2021\/05\/IMG_4156.jpg\"><img loading=\"lazy\" decoding=\"async\" class=\"alignnone size-medium wp-image-1825\" src=\"http:\/\/lewebpedagogique.com\/doubslivreelu\/files\/2021\/05\/IMG_4156-225x300.jpg\" alt=\"\" width=\"225\" height=\"300\" \/><\/a><a href=\"http:\/\/lewebpedagogique.com\/doubslivreelu\/files\/2021\/05\/IMG_4148.jpg\"><img loading=\"lazy\" decoding=\"async\" class=\"alignnone wp-image-1819\" src=\"http:\/\/lewebpedagogique.com\/doubslivreelu\/files\/2021\/05\/IMG_4148-300x225.jpg\" alt=\"\" width=\"268\" height=\"201\" \/><\/a> <a href=\"http:\/\/lewebpedagogique.com\/doubslivreelu\/files\/2021\/05\/IMG_4149.jpg\"><img loading=\"lazy\" decoding=\"async\" class=\"alignnone wp-image-1820\" src=\"http:\/\/lewebpedagogique.com\/doubslivreelu\/files\/2021\/05\/IMG_4149-300x225.jpg\" alt=\"\" width=\"265\" height=\"199\" \/><\/a><a href=\"http:\/\/lewebpedagogique.com\/doubslivreelu\/files\/2021\/05\/IMG_4157.jpg\"><img loading=\"lazy\" decoding=\"async\" class=\"alignnone wp-image-1826\" src=\"http:\/\/lewebpedagogique.com\/doubslivreelu\/files\/2021\/05\/IMG_4157-300x225.jpg\" alt=\"\" width=\"267\" height=\"200\" \/><\/a><a href=\"http:\/\/lewebpedagogique.com\/doubslivreelu\/files\/2021\/05\/IMG_4161.jpg\"><img loading=\"lazy\" decoding=\"async\" class=\"alignnone size-medium wp-image-1830\" src=\"http:\/\/lewebpedagogique.com\/doubslivreelu\/files\/2021\/05\/IMG_4161-225x300.jpg\" alt=\"\" width=\"225\" height=\"300\" \/><\/a><a href=\"http:\/\/lewebpedagogique.com\/doubslivreelu\/files\/2021\/05\/IMG_4160.jpg\"><img loading=\"lazy\" decoding=\"async\" class=\"alignnone size-medium wp-image-1829\" src=\"http:\/\/lewebpedagogique.com\/doubslivreelu\/files\/2021\/05\/IMG_4160-225x300.jpg\" alt=\"\" width=\"225\" height=\"300\" \/>\u00a0<\/a><a href=\"http:\/\/lewebpedagogique.com\/doubslivreelu\/files\/2021\/05\/IMG_4151.jpg\"><img loading=\"lazy\" decoding=\"async\" class=\"alignnone wp-image-1822\" src=\"http:\/\/lewebpedagogique.com\/doubslivreelu\/files\/2021\/05\/IMG_4151-300x225.jpg\" alt=\"\" width=\"263\" height=\"197\" \/><\/a><a href=\"http:\/\/lewebpedagogique.com\/doubslivreelu\/files\/2021\/05\/IMG_4150.jpg\"><img loading=\"lazy\" decoding=\"async\" class=\"alignnone wp-image-1821\" src=\"http:\/\/lewebpedagogique.com\/doubslivreelu\/files\/2021\/05\/IMG_4150-300x225.jpg\" alt=\"\" width=\"259\" height=\"194\" \/><\/a><\/p>\n<p>D\u00e9couvrez \u00e9galement le tr\u00e8s bel album sonore \u00a0des \u00e9l\u00e8ves de GS-CP de Chatenois. Bravo \u00e0 eux pour ce magnifique travail, inspirant et rafraichissant !<\/p>\n<p><iframe loading=\"lazy\" src=\"\/\/www.youtube.com\/embed\/yAp4qnLQUgo\" width=\"560\" height=\"315\" frameborder=\"0\"><\/iframe><\/p>\n<p><a href=\"https:\/\/www.youtube.com\/watch?v=yAp4qnLQUgo\">Lien vers la video<\/a><\/p>\n<p>\u00c0 l\u2019ann\u00e9e prochaine !<\/p>\n","protected":false},"excerpt":{"rendered":"<p>Les \u00e9coles, coll\u00e8ges \u00a0et lyc\u00e9e du Jura exposent, en ce moment, \u00a0leurs productions r\u00e9alis\u00e9es \u00e0 partir des ouvrages de la s\u00e9lection 2021 du Livre Elu. F\u00e9licitations aux \u00e9l\u00e8ves : du lyc\u00e9e professionnel Jacques Pr\u00e9vert de Dole des coll\u00e8ges Claude Nicolas Ledoux et Maryse Basti\u00e9 des \u00e9coles primaires \u00a0d\u2019Evans, Mont-Sous-Vaudrey, Montbarrey, Souvans, \u00a0Chatenois et de l\u2019\u00e9cole maternelle des Sorbiers de Dole. pour leur participation au projet, leurs lectures, leurs critiques avis\u00e9es et leurs tr\u00e8s belles productions, vari\u00e9es, inventives et color\u00e9es. Vous&#8230;<\/p>\n<p class=\"read-more\"><a class=\"btn btn-default\" href=\"https:\/\/doubslivreelu.fr\/index.php\/2021\/05\/31\/exposition-a-dole-du-1er-au-15-juin-2021\/\">Lire la suite<span class=\"screen-reader-text\"> Lire la suite<\/span><\/a><\/p>\n","protected":false},"author":1,"featured_media":1814,"comment_status":"closed","ping_status":"closed","sticky":false,"template":"","format":"standard","meta":{"footnotes":""},"categories":[1],"tags":[27,38,60],"post_folder":[],"class_list":["post-1836","post","type-post","status-publish","format-standard","has-post-thumbnail","hentry","category-non-classe","tag-agenda","tag-expositions","tag-palmares"],"_links":{"self":[{"href":"https:\/\/doubslivreelu.fr\/index.php\/wp-json\/wp\/v2\/posts\/1836","targetHints":{"allow":["GET"]}}],"collection":[{"href":"https:\/\/doubslivreelu.fr\/index.php\/wp-json\/wp\/v2\/posts"}],"about":[{"href":"https:\/\/doubslivreelu.fr\/index.php\/wp-json\/wp\/v2\/types\/post"}],"author":[{"embeddable":true,"href":"https:\/\/doubslivreelu.fr\/index.php\/wp-json\/wp\/v2\/users\/1"}],"replies":[{"embeddable":true,"href":"https:\/\/doubslivreelu.fr\/index.php\/wp-json\/wp\/v2\/comments?post=1836"}],"version-history":[{"count":0,"href":"https:\/\/doubslivreelu.fr\/index.php\/wp-json\/wp\/v2\/posts\/1836\/revisions"}],"wp:featuredmedia":[{"embeddable":true,"href":"https:\/\/doubslivreelu.fr\/index.php\/wp-json\/wp\/v2\/media\/1814"}],"wp:attachment":[{"href":"https:\/\/doubslivreelu.fr\/index.php\/wp-json\/wp\/v2\/media?parent=1836"}],"wp:term":[{"taxonomy":"category","embeddable":true,"href":"https:\/\/doubslivreelu.fr\/index.php\/wp-json\/wp\/v2\/categories?post=1836"},{"taxonomy":"post_tag","embeddable":true,"href":"https:\/\/doubslivreelu.fr\/index.php\/wp-json\/wp\/v2\/tags?post=1836"},{"taxonomy":"post_folder","embeddable":true,"href":"https:\/\/doubslivreelu.fr\/index.php\/wp-json\/wp\/v2\/post_folder?post=1836"}],"curies":[{"name":"wp","href":"https:\/\/api.w.org\/{rel}","templated":true}]}}