{"id":1781,"date":"2021-04-13T12:35:05","date_gmt":"2021-04-13T11:35:05","guid":{"rendered":"http:\/\/lewebpedagogique.com\/doubslivreelu\/?p=1781"},"modified":"2021-04-13T12:35:05","modified_gmt":"2021-04-13T11:35:05","slug":"clothilde-perrin-a-la-rencontre-des-eleves-de-la-circonscription-de-pontarlier","status":"publish","type":"post","link":"https:\/\/doubslivreelu.fr\/index.php\/2021\/04\/13\/clothilde-perrin-a-la-rencontre-des-eleves-de-la-circonscription-de-pontarlier\/","title":{"rendered":"Clothilde Perrin \u00e0 la rencontre des \u00e9l\u00e8ves de la circonscription de Pontarlier"},"content":{"rendered":"<div class=\"gl_quote\">\n<p>Grace \u00e0 l\u2019association <strong><em>\u00ab Des livres et vous\u00a0\u00bb,<\/em><\/strong>\u00a0bas\u00e9e \u00e0 Pontarlier et partenaire du projet <em><strong>Livre \u00c9lu,\u00a0<\/strong><\/em>6 classes, de la grande section au CE2, ont accueilli\u00a0\u00a0lundi 8 et mardi 9 mars \u00a0l\u2019autrice Clotilde Perrin dont l\u2019album <strong><em>\u00ab <\/em><i>Vite, vite, vite\u00a0\u00bb\u00a0<\/i><\/strong>\u00a0est pr\u00e9sent dans la liste 2 du livre \u00e9lu 2021.<\/p>\n<p>Pour pr\u00e9parer ces rencontres, l\u2019association avait pu acqu\u00e9rir et faire circuler dans les classes diff\u00e9rents albums de l\u2019autrice les semaines pr\u00e9c\u00e9dentes. Petits et grands ont particuli\u00e8rement appr\u00e9ci\u00e9 la qualit\u00e9 des \u00e9changes et la gentillesse de Clothilde Perrin.<\/p>\n<p>Ces six interventions se sont d\u00e9roul\u00e9es dans les \u00e9coles de Montperreux, Labergement Ste Marie, Les Granges Narboz,\u00a0Les Longevilles, Rochejean et Sombacour.<\/p>\n<p>Un grand merci \u00e0 l\u2019association <em><strong>Des Livres et vous<\/strong> <\/em>qui a su rendre possibles ces rencontres malgr\u00e9 le contexte sanitaire difficile.<\/p>\n<p><a href=\"https:\/\/lewebpedagogique.com\/doubslivreelu\/files\/2021\/04\/clothildePerrin7.jpg\"><img loading=\"lazy\" decoding=\"async\" class=\"alignnone size-medium wp-image-1780\" src=\"https:\/\/lewebpedagogique.com\/doubslivreelu\/files\/2021\/04\/clothildePerrin7-225x300.jpg\" alt=\"\" width=\"225\" height=\"300\" srcset=\"https:\/\/doubslivreelu.fr\/wp-content\/uploads\/2021\/04\/clothildePerrin7-225x300.jpg 225w, https:\/\/doubslivreelu.fr\/wp-content\/uploads\/2021\/04\/clothildePerrin7-768x1024.jpg 768w, https:\/\/doubslivreelu.fr\/wp-content\/uploads\/2021\/04\/clothildePerrin7-1152x1536.jpg 1152w, https:\/\/doubslivreelu.fr\/wp-content\/uploads\/2021\/04\/clothildePerrin7.jpg 1200w\" sizes=\"auto, (max-width: 225px) 100vw, 225px\" \/><\/a><a href=\"https:\/\/lewebpedagogique.com\/doubslivreelu\/files\/2021\/04\/clothildePerrin4.jpg\"><img loading=\"lazy\" decoding=\"async\" class=\"alignnone size-medium wp-image-1777\" src=\"https:\/\/lewebpedagogique.com\/doubslivreelu\/files\/2021\/04\/clothildePerrin4-225x300.jpg\" alt=\"\" width=\"225\" height=\"300\" srcset=\"https:\/\/doubslivreelu.fr\/wp-content\/uploads\/2021\/04\/clothildePerrin4-225x300.jpg 225w, https:\/\/doubslivreelu.fr\/wp-content\/uploads\/2021\/04\/clothildePerrin4-768x1023.jpg 768w, https:\/\/doubslivreelu.fr\/wp-content\/uploads\/2021\/04\/clothildePerrin4-1153x1536.jpg 1153w, https:\/\/doubslivreelu.fr\/wp-content\/uploads\/2021\/04\/clothildePerrin4.jpg 1200w\" sizes=\"auto, (max-width: 225px) 100vw, 225px\" \/><\/a><a href=\"https:\/\/lewebpedagogique.com\/doubslivreelu\/files\/2021\/04\/clothildePerrin1.jpg\"><img loading=\"lazy\" decoding=\"async\" class=\"alignnone size-medium wp-image-1774\" src=\"https:\/\/lewebpedagogique.com\/doubslivreelu\/files\/2021\/04\/clothildePerrin1-225x300.jpg\" alt=\"\" width=\"225\" height=\"300\" srcset=\"https:\/\/doubslivreelu.fr\/wp-content\/uploads\/2021\/04\/clothildePerrin1-225x300.jpg 225w, https:\/\/doubslivreelu.fr\/wp-content\/uploads\/2021\/04\/clothildePerrin1-768x1023.jpg 768w, https:\/\/doubslivreelu.fr\/wp-content\/uploads\/2021\/04\/clothildePerrin1-1153x1536.jpg 1153w, https:\/\/doubslivreelu.fr\/wp-content\/uploads\/2021\/04\/clothildePerrin1.jpg 1200w\" sizes=\"auto, (max-width: 225px) 100vw, 225px\" \/><\/a> <a href=\"https:\/\/lewebpedagogique.com\/doubslivreelu\/files\/2021\/04\/clothildePerrin6.jpg\"><img loading=\"lazy\" decoding=\"async\" class=\"alignnone size-medium wp-image-1779\" src=\"https:\/\/lewebpedagogique.com\/doubslivreelu\/files\/2021\/04\/clothildePerrin6-225x300.jpg\" alt=\"\" width=\"225\" height=\"300\" srcset=\"https:\/\/doubslivreelu.fr\/wp-content\/uploads\/2021\/04\/clothildePerrin6-225x300.jpg 225w, https:\/\/doubslivreelu.fr\/wp-content\/uploads\/2021\/04\/clothildePerrin6-768x1023.jpg 768w, https:\/\/doubslivreelu.fr\/wp-content\/uploads\/2021\/04\/clothildePerrin6-1153x1536.jpg 1153w, https:\/\/doubslivreelu.fr\/wp-content\/uploads\/2021\/04\/clothildePerrin6.jpg 1200w\" sizes=\"auto, (max-width: 225px) 100vw, 225px\" \/><\/a> <a href=\"https:\/\/lewebpedagogique.com\/doubslivreelu\/files\/2021\/04\/clothildePerrin5.jpg\"><img loading=\"lazy\" decoding=\"async\" class=\"alignnone size-medium wp-image-1778\" src=\"https:\/\/lewebpedagogique.com\/doubslivreelu\/files\/2021\/04\/clothildePerrin5-225x300.jpg\" alt=\"\" width=\"225\" height=\"300\" srcset=\"https:\/\/doubslivreelu.fr\/wp-content\/uploads\/2021\/04\/clothildePerrin5-225x300.jpg 225w, https:\/\/doubslivreelu.fr\/wp-content\/uploads\/2021\/04\/clothildePerrin5-768x1024.jpg 768w, https:\/\/doubslivreelu.fr\/wp-content\/uploads\/2021\/04\/clothildePerrin5-1152x1536.jpg 1152w, https:\/\/doubslivreelu.fr\/wp-content\/uploads\/2021\/04\/clothildePerrin5.jpg 1200w\" sizes=\"auto, (max-width: 225px) 100vw, 225px\" \/><\/a> <a href=\"https:\/\/lewebpedagogique.com\/doubslivreelu\/files\/2021\/04\/clothildePerrin3.jpg\"><img loading=\"lazy\" decoding=\"async\" class=\"alignnone size-medium wp-image-1776\" src=\"https:\/\/lewebpedagogique.com\/doubslivreelu\/files\/2021\/04\/clothildePerrin3-300x225.jpg\" alt=\"\" width=\"300\" height=\"225\" srcset=\"https:\/\/doubslivreelu.fr\/wp-content\/uploads\/2021\/04\/clothildePerrin3-300x225.jpg 300w, https:\/\/doubslivreelu.fr\/wp-content\/uploads\/2021\/04\/clothildePerrin3-1024x768.jpg 1024w, https:\/\/doubslivreelu.fr\/wp-content\/uploads\/2021\/04\/clothildePerrin3-768x576.jpg 768w, https:\/\/doubslivreelu.fr\/wp-content\/uploads\/2021\/04\/clothildePerrin3-1536x1152.jpg 1536w, https:\/\/doubslivreelu.fr\/wp-content\/uploads\/2021\/04\/clothildePerrin3.jpg 1600w\" sizes=\"auto, (max-width: 300px) 100vw, 300px\" \/><\/a> <a href=\"https:\/\/lewebpedagogique.com\/doubslivreelu\/files\/2021\/04\/clothildePerrin2.jpg\"><img loading=\"lazy\" decoding=\"async\" class=\"alignnone size-medium wp-image-1775\" src=\"https:\/\/lewebpedagogique.com\/doubslivreelu\/files\/2021\/04\/clothildePerrin2-300x225.jpg\" alt=\"\" width=\"300\" height=\"225\" srcset=\"https:\/\/doubslivreelu.fr\/wp-content\/uploads\/2021\/04\/clothildePerrin2-300x225.jpg 300w, https:\/\/doubslivreelu.fr\/wp-content\/uploads\/2021\/04\/clothildePerrin2-1024x768.jpg 1024w, https:\/\/doubslivreelu.fr\/wp-content\/uploads\/2021\/04\/clothildePerrin2-768x576.jpg 768w, https:\/\/doubslivreelu.fr\/wp-content\/uploads\/2021\/04\/clothildePerrin2-1536x1152.jpg 1536w, https:\/\/doubslivreelu.fr\/wp-content\/uploads\/2021\/04\/clothildePerrin2.jpg 1600w\" sizes=\"auto, (max-width: 300px) 100vw, 300px\" \/><\/a><\/p>\n<\/div>\n","protected":false},"excerpt":{"rendered":"<p>Grace \u00e0 l\u2019association \u00ab Des livres et vous\u00a0\u00bb,\u00a0bas\u00e9e \u00e0 Pontarlier et partenaire du projet Livre \u00c9lu,\u00a06 classes, de la grande section au CE2, ont accueilli\u00a0\u00a0lundi 8 et mardi 9 mars \u00a0l\u2019autrice Clotilde Perrin dont l\u2019album \u00ab Vite, vite, vite\u00a0\u00bb\u00a0\u00a0est pr\u00e9sent dans la liste 2 du livre \u00e9lu 2021. Pour pr\u00e9parer ces rencontres, l\u2019association avait pu acqu\u00e9rir et faire circuler dans les classes diff\u00e9rents albums de l\u2019autrice les semaines pr\u00e9c\u00e9dentes. Petits et grands ont particuli\u00e8rement appr\u00e9ci\u00e9 la qualit\u00e9 des \u00e9changes et&#8230;<\/p>\n<p class=\"read-more\"><a class=\"btn btn-default\" href=\"https:\/\/doubslivreelu.fr\/index.php\/2021\/04\/13\/clothilde-perrin-a-la-rencontre-des-eleves-de-la-circonscription-de-pontarlier\/\">Lire la suite<span class=\"screen-reader-text\"> Lire la suite<\/span><\/a><\/p>\n","protected":false},"author":1,"featured_media":0,"comment_status":"closed","ping_status":"closed","sticky":false,"template":"","format":"standard","meta":{"footnotes":""},"categories":[1],"tags":[],"post_folder":[],"class_list":["post-1781","post","type-post","status-publish","format-standard","hentry","category-non-classe"],"_links":{"self":[{"href":"https:\/\/doubslivreelu.fr\/index.php\/wp-json\/wp\/v2\/posts\/1781","targetHints":{"allow":["GET"]}}],"collection":[{"href":"https:\/\/doubslivreelu.fr\/index.php\/wp-json\/wp\/v2\/posts"}],"about":[{"href":"https:\/\/doubslivreelu.fr\/index.php\/wp-json\/wp\/v2\/types\/post"}],"author":[{"embeddable":true,"href":"https:\/\/doubslivreelu.fr\/index.php\/wp-json\/wp\/v2\/users\/1"}],"replies":[{"embeddable":true,"href":"https:\/\/doubslivreelu.fr\/index.php\/wp-json\/wp\/v2\/comments?post=1781"}],"version-history":[{"count":0,"href":"https:\/\/doubslivreelu.fr\/index.php\/wp-json\/wp\/v2\/posts\/1781\/revisions"}],"wp:attachment":[{"href":"https:\/\/doubslivreelu.fr\/index.php\/wp-json\/wp\/v2\/media?parent=1781"}],"wp:term":[{"taxonomy":"category","embeddable":true,"href":"https:\/\/doubslivreelu.fr\/index.php\/wp-json\/wp\/v2\/categories?post=1781"},{"taxonomy":"post_tag","embeddable":true,"href":"https:\/\/doubslivreelu.fr\/index.php\/wp-json\/wp\/v2\/tags?post=1781"},{"taxonomy":"post_folder","embeddable":true,"href":"https:\/\/doubslivreelu.fr\/index.php\/wp-json\/wp\/v2\/post_folder?post=1781"}],"curies":[{"name":"wp","href":"https:\/\/api.w.org\/{rel}","templated":true}]}}