{"id":1748,"date":"2021-02-13T09:17:55","date_gmt":"2021-02-13T08:17:55","guid":{"rendered":"http:\/\/lewebpedagogique.com\/doubslivreelu\/?p=1748"},"modified":"2021-02-13T09:17:55","modified_gmt":"2021-02-13T08:17:55","slug":"info-2-en-route-vers-les-productions-et-expositions-2021","status":"publish","type":"post","link":"https:\/\/doubslivreelu.fr\/index.php\/2021\/02\/13\/info-2-en-route-vers-les-productions-et-expositions-2021\/","title":{"rendered":"INFO 2 : En route vers les productions et expositions 2021 !"},"content":{"rendered":"<div class=\"page\" title=\"Page 1\">\n<div class=\"layoutArea\">\n<div class=\"column\">\n<p>Le printemps arrive ! Vos \u00e9l\u00e8ves lisent les livres et \u00e9changent sur leurs lectures depuis plusieurs mois d\u00e9j\u00e0, \u00a0et voici venir le temps de r\u00e9fl\u00e9chir avec eux \u00e0 la production que vous pr\u00e9senterez dans le cadre des expositions de fin d\u2019ann\u00e9e, si la situation sanitaire le permet.<\/p>\n<p>A ce jour, les dates des expositions sont fix\u00e9es et nous vous tiendrons inform\u00e9s en cas d\u2019\u00e9volution de la situation.<\/p>\n<p>Vous trouverez le d\u00e9tail de cette information dans la pi\u00e8ce jointe ci-dessous.<\/p>\n<blockquote><p><a href=\"https:\/\/lewebpedagogique.com\/doubslivreelu\/files\/2021\/04\/INFO-2-livreelu2021.pdf\"><span style=\"font-size: 18pt\">INFO 2 -livre \u00e9lu2021<\/span><\/a><\/p><\/blockquote>\n<\/div>\n<\/div>\n<\/div>\n","protected":false},"excerpt":{"rendered":"<p>Le printemps arrive ! Vos \u00e9l\u00e8ves lisent les livres et \u00e9changent sur leurs lectures depuis plusieurs mois d\u00e9j\u00e0, \u00a0et voici venir le temps de r\u00e9fl\u00e9chir avec eux \u00e0 la production que vous pr\u00e9senterez dans le cadre des expositions de fin d\u2019ann\u00e9e, si la situation sanitaire le permet. A ce jour, les dates des expositions sont fix\u00e9es et nous vous tiendrons inform\u00e9s en cas d\u2019\u00e9volution de la situation. Vous trouverez le d\u00e9tail de cette information dans la pi\u00e8ce jointe ci-dessous. INFO&#8230;<\/p>\n<p class=\"read-more\"><a class=\"btn btn-default\" href=\"https:\/\/doubslivreelu.fr\/index.php\/2021\/02\/13\/info-2-en-route-vers-les-productions-et-expositions-2021\/\">Lire la suite<span class=\"screen-reader-text\"> Lire la suite<\/span><\/a><\/p>\n","protected":false},"author":1,"featured_media":0,"comment_status":"closed","ping_status":"closed","sticky":false,"template":"","format":"standard","meta":{"footnotes":""},"categories":[1],"tags":[44],"post_folder":[],"class_list":["post-1748","post","type-post","status-publish","format-standard","hentry","category-non-classe","tag-infos"],"_links":{"self":[{"href":"https:\/\/doubslivreelu.fr\/index.php\/wp-json\/wp\/v2\/posts\/1748","targetHints":{"allow":["GET"]}}],"collection":[{"href":"https:\/\/doubslivreelu.fr\/index.php\/wp-json\/wp\/v2\/posts"}],"about":[{"href":"https:\/\/doubslivreelu.fr\/index.php\/wp-json\/wp\/v2\/types\/post"}],"author":[{"embeddable":true,"href":"https:\/\/doubslivreelu.fr\/index.php\/wp-json\/wp\/v2\/users\/1"}],"replies":[{"embeddable":true,"href":"https:\/\/doubslivreelu.fr\/index.php\/wp-json\/wp\/v2\/comments?post=1748"}],"version-history":[{"count":0,"href":"https:\/\/doubslivreelu.fr\/index.php\/wp-json\/wp\/v2\/posts\/1748\/revisions"}],"wp:attachment":[{"href":"https:\/\/doubslivreelu.fr\/index.php\/wp-json\/wp\/v2\/media?parent=1748"}],"wp:term":[{"taxonomy":"category","embeddable":true,"href":"https:\/\/doubslivreelu.fr\/index.php\/wp-json\/wp\/v2\/categories?post=1748"},{"taxonomy":"post_tag","embeddable":true,"href":"https:\/\/doubslivreelu.fr\/index.php\/wp-json\/wp\/v2\/tags?post=1748"},{"taxonomy":"post_folder","embeddable":true,"href":"https:\/\/doubslivreelu.fr\/index.php\/wp-json\/wp\/v2\/post_folder?post=1748"}],"curies":[{"name":"wp","href":"https:\/\/api.w.org\/{rel}","templated":true}]}}