{"id":1301,"date":"2019-08-29T16:13:29","date_gmt":"2019-08-29T15:13:29","guid":{"rendered":"http:\/\/lewebpedagogique.com\/doubslivreelu\/?p=1301"},"modified":"2019-08-29T16:13:29","modified_gmt":"2019-08-29T15:13:29","slug":"rencontre-avec-gilles-bachelet-lors-des-livres-dans-la-boucle","status":"publish","type":"post","link":"https:\/\/doubslivreelu.fr\/index.php\/2019\/08\/29\/rencontre-avec-gilles-bachelet-lors-des-livres-dans-la-boucle\/","title":{"rendered":"Rencontre avec Gilles Bachelet lors des Livres dans la Boucle"},"content":{"rendered":"<p>En cette rentr\u00e9e litt\u00e9raire, le<em><strong> Livre \u00c9lu<\/strong><\/em> vous propose de venir rencontrer, <strong>le mercredi 18 septembre 2019,<\/strong> Gilles Bachelet<strong>\u00a0<\/strong>invit\u00e9 \u00e0\u00a0notre table ronde organis\u00e9e\u00a0dans le cadre du <em><strong>Festival du Livre du Grand Besan\u00e7on<\/strong><\/em> <a href=\"http:\/\/www.livresdanslaboucle.fr\" target=\"_blank\" rel=\"noopener\">Les Livres dans la Boucle.\u00a0<\/a><\/p>\n<p>Cette rencontre sera l&rsquo;occasion d&rsquo;entendre Gilles Bachelet, auteur-illustrateur nous parler de ses plus grands succ\u00e8s litt\u00e9raires souvent pr\u00e9sents dans nos s\u00e9lections, tels que \u00a0<em><strong>Mon Chat le plus b\u00eate du monde<\/strong><\/em>, <em><strong>Madame le Lapin Blanc<\/strong><\/em>, ou encore <em><strong>Une Histoire d&rsquo;Amour<\/strong><\/em>.<\/p>\n<p>Autour de Gilles Bachelet, \u00a0des membres de l\u2019<strong>Association Livre Elu,<\/strong> des <strong>conseillers p\u00e9dagogiques <\/strong>et\u00a0des <strong>professeurs de l\u2019Universit\u00e9<\/strong>, sp\u00e9cialistes de la Litt\u00e9rature jeunesse, d\u00e9velopperont quelques pistes p\u00e9dagogiques pour entrer dans la compr\u00e9hension d&rsquo;un album avec les \u00e9l\u00e8ves.<\/p>\n<p>Nous vous attendons nombreux pour ce moment qui sera riche en \u00e9changes et en d\u00e9couvertes.<\/p>\n<p>&nbsp;<\/p>\n<p><b>Public\u00a0 concern\u00e9<\/b> :<span class=\"Apple-converted-space\">\u00a0<\/span><\/p>\n<ul>\n<li>enseignants des premier et second degr\u00e9s<\/li>\n<li>\u00e9tudiants en master MEEF \u2013 PE<span class=\"Apple-converted-space\">\u00a0<\/span><\/li>\n<li>\u00e9tudiants en master Lettres modernes \u2013 litt\u00e9rature jeunesse.<\/li>\n<\/ul>\n<p><b>Date\u00a0<\/b>: mercredi 18 septembre de 14 \u00e0 16 heures<\/p>\n<p><b>Lieu\u00a0<\/b>: Atelier Canop\u00e9 \u2013 5 rue des Fusill\u00e9s- 25000 Besan\u00e7on<\/p>\n<p><strong>Th\u00e8mes abord\u00e9s\u00a0:<\/strong><\/p>\n<ul>\n<li>les sources d\u2019inspiration<span class=\"Apple-converted-space\">\u00a0de Gilles Bachelet<\/span><\/li>\n<li>les techniques, les choix d\u2019\u00ab\u00a0\u00e9criture\u00a0\u00bb, la r\u00e9currence, le d\u00e9tournement d&rsquo;images<\/li>\n<li>le travail sur le rapport texte\/image<\/li>\n<li>les choix des enseignants pour aborder la lecture et la compr\u00e9hension de ces albums en classe, de la maternelle au coll\u00e8ge.<\/li>\n<\/ul>\n<p>&nbsp;<\/p>\n<p><b>Contact pour le livre \u00e9lu :\u00a0<\/b><\/p>\n<p>Delphine Poirier \u00a0(coordinatrice du livre \u00e9lu) :<\/p>\n<p><a href=\"mailto:delphine.poirier@ac-besancon.fr\">delphine.poirier@ac-besancon.fr<\/a><\/p>\n<p>ou \u00a0<a href=\"mailto:doubslivreelu@gmail.com\">doubslivreelu@gmail.com<\/a><\/p>\n<p>&nbsp;<\/p>\n<p><a href=\"https:\/\/lewebpedagogique.com\/doubslivreelu\/files\/2019\/08\/LDLB19_Invit_LivreElu.jpg\"><img loading=\"lazy\" decoding=\"async\" class=\"alignnone size-medium wp-image-1300\" src=\"https:\/\/lewebpedagogique.com\/doubslivreelu\/files\/2019\/08\/LDLB19_Invit_LivreElu-300x300.jpg\" alt=\"\" width=\"300\" height=\"300\" srcset=\"https:\/\/doubslivreelu.fr\/wp-content\/uploads\/2019\/08\/LDLB19_Invit_LivreElu-300x300.jpg 300w, https:\/\/doubslivreelu.fr\/wp-content\/uploads\/2019\/08\/LDLB19_Invit_LivreElu-150x150.jpg 150w, https:\/\/doubslivreelu.fr\/wp-content\/uploads\/2019\/08\/LDLB19_Invit_LivreElu.jpg 605w\" sizes=\"auto, (max-width: 300px) 100vw, 300px\" \/><\/a><\/p>\n","protected":false},"excerpt":{"rendered":"<p>En cette rentr\u00e9e litt\u00e9raire, le Livre \u00c9lu vous propose de venir rencontrer, le mercredi 18 septembre 2019, Gilles Bachelet\u00a0invit\u00e9 \u00e0\u00a0notre table ronde organis\u00e9e\u00a0dans le cadre du Festival du Livre du Grand Besan\u00e7on Les Livres dans la Boucle.\u00a0 Cette rencontre sera l&rsquo;occasion d&rsquo;entendre Gilles Bachelet, auteur-illustrateur nous parler de ses plus grands succ\u00e8s litt\u00e9raires souvent pr\u00e9sents dans nos s\u00e9lections, tels que \u00a0Mon Chat le plus b\u00eate du monde, Madame le Lapin Blanc, ou encore Une Histoire d&rsquo;Amour. Autour de Gilles Bachelet,&#8230;<\/p>\n<p class=\"read-more\"><a class=\"btn btn-default\" href=\"https:\/\/doubslivreelu.fr\/index.php\/2019\/08\/29\/rencontre-avec-gilles-bachelet-lors-des-livres-dans-la-boucle\/\">Lire la suite<span class=\"screen-reader-text\"> Lire la suite<\/span><\/a><\/p>\n","protected":false},"author":1,"featured_media":1300,"comment_status":"closed","ping_status":"closed","sticky":false,"template":"","format":"standard","meta":{"footnotes":""},"categories":[1],"tags":[27],"post_folder":[],"class_list":["post-1301","post","type-post","status-publish","format-standard","has-post-thumbnail","hentry","category-non-classe","tag-agenda"],"_links":{"self":[{"href":"https:\/\/doubslivreelu.fr\/index.php\/wp-json\/wp\/v2\/posts\/1301","targetHints":{"allow":["GET"]}}],"collection":[{"href":"https:\/\/doubslivreelu.fr\/index.php\/wp-json\/wp\/v2\/posts"}],"about":[{"href":"https:\/\/doubslivreelu.fr\/index.php\/wp-json\/wp\/v2\/types\/post"}],"author":[{"embeddable":true,"href":"https:\/\/doubslivreelu.fr\/index.php\/wp-json\/wp\/v2\/users\/1"}],"replies":[{"embeddable":true,"href":"https:\/\/doubslivreelu.fr\/index.php\/wp-json\/wp\/v2\/comments?post=1301"}],"version-history":[{"count":0,"href":"https:\/\/doubslivreelu.fr\/index.php\/wp-json\/wp\/v2\/posts\/1301\/revisions"}],"wp:featuredmedia":[{"embeddable":true,"href":"https:\/\/doubslivreelu.fr\/index.php\/wp-json\/wp\/v2\/media\/1300"}],"wp:attachment":[{"href":"https:\/\/doubslivreelu.fr\/index.php\/wp-json\/wp\/v2\/media?parent=1301"}],"wp:term":[{"taxonomy":"category","embeddable":true,"href":"https:\/\/doubslivreelu.fr\/index.php\/wp-json\/wp\/v2\/categories?post=1301"},{"taxonomy":"post_tag","embeddable":true,"href":"https:\/\/doubslivreelu.fr\/index.php\/wp-json\/wp\/v2\/tags?post=1301"},{"taxonomy":"post_folder","embeddable":true,"href":"https:\/\/doubslivreelu.fr\/index.php\/wp-json\/wp\/v2\/post_folder?post=1301"}],"curies":[{"name":"wp","href":"https:\/\/api.w.org\/{rel}","templated":true}]}}