{"id":1077,"date":"2021-10-17T10:18:27","date_gmt":"2021-10-17T09:18:27","guid":{"rendered":"http:\/\/lewebpedagogique.com\/doubslivreelu\/?p=1077"},"modified":"2021-10-17T10:18:27","modified_gmt":"2021-10-17T09:18:27","slug":"formation-et-echanges-autour-des-livres-de-la-selection-2019","status":"publish","type":"post","link":"https:\/\/doubslivreelu.fr\/index.php\/2021\/10\/17\/formation-et-echanges-autour-des-livres-de-la-selection-2019\/","title":{"rendered":"INFO 1 : Formation et \u00e9changes autour des livres de la s\u00e9lection 2023"},"content":{"rendered":"<div class=\"page\" title=\"Page 1\">\n<div class=\"layoutArea\">\n<div class=\"column\">\n<p>Comme chaque ann\u00e9e, nous organisons<strong> des\u00a0r\u00e9unions de formation et d\u2019\u00e9changes<\/strong> autour des livres du projet. Il s\u2019agit de proposer des analyses, des pistes de lectures et de mises en r\u00e9seaux \u00e0 partir des ouvrages des listes 1 \u00e0 4.<\/p>\n<p>Ces r\u00e9unions sont ouvertes \u00e0 <strong>tous les enseignants\u00a0int\u00e9ress\u00e9s<\/strong> (de la maternelle \u00e0 la 6\u00e8me) , inscrits (ou pas encore! ) au projet Livre \u00e9lu.<\/p>\n<p>Pour chaque formation, deux ateliers se d\u00e9rouleront simultan\u00e9ment. L\u2019un concernera les listes 1 et 2 (de la maternelle au CE1); l\u2019autre concernera les listes 3 et 4 (du CE2 \u00e0 la 6\u00e8me).<\/p>\n<p>N&rsquo;h\u00e9sitez pas \u00e0 apporter les livres que vous poss\u00e9dez.<\/p>\n<p>Vous trouverez toutes les dates et le d\u00e9tail des formations en cliquant sur le lien suivant :<\/p>\n<blockquote><p><span style=\"font-size: 14pt\"><a href=\"http:\/\/lewebpedagogique.com\/doubslivreelu\/files\/2023\/05\/Info-1-2023.pdf\">Info1-LivreElu2023<\/a><\/span><\/p><\/blockquote>\n<\/div>\n<div class=\"column\">\n<p>A bient\u00f4t !<\/p>\n<\/div>\n<\/div>\n<\/div>\n","protected":false},"excerpt":{"rendered":"<p>Comme chaque ann\u00e9e, nous organisons des\u00a0r\u00e9unions de formation et d\u2019\u00e9changes autour des livres du projet. Il s\u2019agit de proposer des analyses, des pistes de lectures et de mises en r\u00e9seaux \u00e0 partir des ouvrages des listes 1 \u00e0 4. Ces r\u00e9unions sont ouvertes \u00e0 tous les enseignants\u00a0int\u00e9ress\u00e9s (de la maternelle \u00e0 la 6\u00e8me) , inscrits (ou pas encore! ) au projet Livre \u00e9lu. Pour chaque formation, deux ateliers se d\u00e9rouleront simultan\u00e9ment. L\u2019un concernera les listes 1 et 2 (de la&#8230;<\/p>\n<p class=\"read-more\"><a class=\"btn btn-default\" href=\"https:\/\/doubslivreelu.fr\/index.php\/2021\/10\/17\/formation-et-echanges-autour-des-livres-de-la-selection-2019\/\">Lire la suite<span class=\"screen-reader-text\"> Lire la suite<\/span><\/a><\/p>\n","protected":false},"author":1,"featured_media":0,"comment_status":"closed","ping_status":"closed","sticky":false,"template":"","format":"standard","meta":{"footnotes":""},"categories":[1],"tags":[44],"post_folder":[],"class_list":["post-1077","post","type-post","status-publish","format-standard","hentry","category-non-classe","tag-infos"],"_links":{"self":[{"href":"https:\/\/doubslivreelu.fr\/index.php\/wp-json\/wp\/v2\/posts\/1077","targetHints":{"allow":["GET"]}}],"collection":[{"href":"https:\/\/doubslivreelu.fr\/index.php\/wp-json\/wp\/v2\/posts"}],"about":[{"href":"https:\/\/doubslivreelu.fr\/index.php\/wp-json\/wp\/v2\/types\/post"}],"author":[{"embeddable":true,"href":"https:\/\/doubslivreelu.fr\/index.php\/wp-json\/wp\/v2\/users\/1"}],"replies":[{"embeddable":true,"href":"https:\/\/doubslivreelu.fr\/index.php\/wp-json\/wp\/v2\/comments?post=1077"}],"version-history":[{"count":0,"href":"https:\/\/doubslivreelu.fr\/index.php\/wp-json\/wp\/v2\/posts\/1077\/revisions"}],"wp:attachment":[{"href":"https:\/\/doubslivreelu.fr\/index.php\/wp-json\/wp\/v2\/media?parent=1077"}],"wp:term":[{"taxonomy":"category","embeddable":true,"href":"https:\/\/doubslivreelu.fr\/index.php\/wp-json\/wp\/v2\/categories?post=1077"},{"taxonomy":"post_tag","embeddable":true,"href":"https:\/\/doubslivreelu.fr\/index.php\/wp-json\/wp\/v2\/tags?post=1077"},{"taxonomy":"post_folder","embeddable":true,"href":"https:\/\/doubslivreelu.fr\/index.php\/wp-json\/wp\/v2\/post_folder?post=1077"}],"curies":[{"name":"wp","href":"https:\/\/api.w.org\/{rel}","templated":true}]}}