{"id":1002,"date":"2018-09-14T09:00:06","date_gmt":"2018-09-14T08:00:06","guid":{"rendered":"http:\/\/lewebpedagogique.com\/doubslivreelu\/?p=1002"},"modified":"2018-09-14T09:00:06","modified_gmt":"2018-09-14T08:00:06","slug":"le-livre-elu-est-dans-la-boucle","status":"publish","type":"post","link":"https:\/\/doubslivreelu.fr\/index.php\/2018\/09\/14\/le-livre-elu-est-dans-la-boucle\/","title":{"rendered":"Le Livre Elu est dans la boucle"},"content":{"rendered":"<p>Temps fort d\u00e8s la rentr\u00e9e avec, <strong>le 12 septembre 2018<\/strong>, une table ronde organis\u00e9e par le <em><strong>Livre Elu<\/strong><\/em> dans le cadre du <em><strong>Festival du Livre du Grand Besan\u00e7on<\/strong><\/em> <a href=\"http:\/\/www.livresdanslaboucle.fr\" target=\"_blank\" rel=\"noopener\">Les Livres dans la Boucle.\u00a0<\/a><\/p>\n<p>Autour de l&rsquo;illustrateur<strong> Antonin Louchard<\/strong><em><strong>,<\/strong><\/em> la table ronde, qui r\u00e9unira des membres de l&rsquo;<strong>Association Livre Elu,<\/strong> des <strong>conseillers p\u00e9dagogiques <\/strong>et\u00a0des <strong>professeurs de l&rsquo;Universit\u00e9<\/strong>, sp\u00e9cialistes de la Litt\u00e9rature jeunesse, abordera le th\u00e8me de l&rsquo;entr\u00e9e dans un album par l&rsquo;image.<\/p>\n<p><b>Public\u00a0 concern\u00e9<\/b> :<span class=\"Apple-converted-space\">\u00a0<\/span><\/p>\n<ul>\n<li>enseignants de maternelle et \u00e9l\u00e9mentaire du secteur de Besan\u00e7on<\/li>\n<li>\u00e9tudiants en master MEEF \u2013 PE<span class=\"Apple-converted-space\">\u00a0<\/span><\/li>\n<li>\u00e9tudiants en master Lettres modernes \u2013 litt\u00e9rature jeunesse.<\/li>\n<\/ul>\n<p><b>Date\u00a0<\/b>: mercredi 12 septembre de 14 \u00e0 16 heures<\/p>\n<p><b>Lieu\u00a0<\/b>: Atelier Canop\u00e9 &#8211; 5 rue des Fusill\u00e9s- 25000 Besan\u00e7on<\/p>\n<p><strong>Th\u00e8mes abord\u00e9s\u00a0:<\/strong><\/p>\n<ul>\n<li>les sources d\u2019inspiration<span class=\"Apple-converted-space\">\u00a0<\/span><\/li>\n<li>la r\u00e9ception envisag\u00e9e au moment de la cr\u00e9ation et la r\u00e9ception faite par les enfants dans les classes<\/li>\n<li>les techniques, les choix d\u2019\u00ab\u00a0\u00e9criture\u00a0\u00bb<\/li>\n<li>le travail sur le rapport texte\/image<\/li>\n<li>le travail de l\u2019illustrateur dans la conception d\u2019un album<\/li>\n<li>les choix des enseignants pour aborder la lecture de ces albums<\/li>\n<\/ul>\n<p>&nbsp;<\/p>\n<p><b>Contact pour le livre \u00e9lu :\u00a0<\/b><\/p>\n<p>Delphine Poirier \u00a0(coordinatrice du livre \u00e9lu 2019)<span class=\"Apple-converted-space\">\u00a0<\/span><\/p>\n<p><a href=\"mailto:delphine.poirier@ac-besancon.fr\" target=\"_blank\" rel=\"noopener\">delphine.poirier@ac-besancon.fr <\/a><\/p>\n<p>ou<\/p>\n<p><a href=\"mailto:doubslivreelu@gmail.com\" target=\"_blank\" rel=\"noopener\">doubslivreelu@gmail.com<\/a><\/p>\n<p>&nbsp;<\/p>\n","protected":false},"excerpt":{"rendered":"<p>Temps fort d\u00e8s la rentr\u00e9e avec, le 12 septembre 2018, une table ronde organis\u00e9e par le Livre Elu dans le cadre du Festival du Livre du Grand Besan\u00e7on Les Livres dans la Boucle.\u00a0 Autour de l&rsquo;illustrateur Antonin Louchard, la table ronde, qui r\u00e9unira des membres de l&rsquo;Association Livre Elu, des conseillers p\u00e9dagogiques et\u00a0des professeurs de l&rsquo;Universit\u00e9, sp\u00e9cialistes de la Litt\u00e9rature jeunesse, abordera le th\u00e8me de l&rsquo;entr\u00e9e dans un album par l&rsquo;image. Public\u00a0 concern\u00e9 :\u00a0 enseignants de maternelle et \u00e9l\u00e9mentaire du&#8230;<\/p>\n<p class=\"read-more\"><a class=\"btn btn-default\" href=\"https:\/\/doubslivreelu.fr\/index.php\/2018\/09\/14\/le-livre-elu-est-dans-la-boucle\/\">Lire la suite<span class=\"screen-reader-text\"> Lire la suite<\/span><\/a><\/p>\n","protected":false},"author":1,"featured_media":0,"comment_status":"closed","ping_status":"closed","sticky":false,"template":"","format":"standard","meta":{"footnotes":""},"categories":[1],"tags":[27],"post_folder":[],"class_list":["post-1002","post","type-post","status-publish","format-standard","hentry","category-non-classe","tag-agenda"],"_links":{"self":[{"href":"https:\/\/doubslivreelu.fr\/index.php\/wp-json\/wp\/v2\/posts\/1002","targetHints":{"allow":["GET"]}}],"collection":[{"href":"https:\/\/doubslivreelu.fr\/index.php\/wp-json\/wp\/v2\/posts"}],"about":[{"href":"https:\/\/doubslivreelu.fr\/index.php\/wp-json\/wp\/v2\/types\/post"}],"author":[{"embeddable":true,"href":"https:\/\/doubslivreelu.fr\/index.php\/wp-json\/wp\/v2\/users\/1"}],"replies":[{"embeddable":true,"href":"https:\/\/doubslivreelu.fr\/index.php\/wp-json\/wp\/v2\/comments?post=1002"}],"version-history":[{"count":0,"href":"https:\/\/doubslivreelu.fr\/index.php\/wp-json\/wp\/v2\/posts\/1002\/revisions"}],"wp:attachment":[{"href":"https:\/\/doubslivreelu.fr\/index.php\/wp-json\/wp\/v2\/media?parent=1002"}],"wp:term":[{"taxonomy":"category","embeddable":true,"href":"https:\/\/doubslivreelu.fr\/index.php\/wp-json\/wp\/v2\/categories?post=1002"},{"taxonomy":"post_tag","embeddable":true,"href":"https:\/\/doubslivreelu.fr\/index.php\/wp-json\/wp\/v2\/tags?post=1002"},{"taxonomy":"post_folder","embeddable":true,"href":"https:\/\/doubslivreelu.fr\/index.php\/wp-json\/wp\/v2\/post_folder?post=1002"}],"curies":[{"name":"wp","href":"https:\/\/api.w.org\/{rel}","templated":true}]}}